{"id":3570,"date":"2025-08-25T20:39:59","date_gmt":"2025-08-26T02:39:59","guid":{"rendered":"https:\/\/cbtis117.edu.mx\/?p=3570"},"modified":"2025-08-25T20:42:44","modified_gmt":"2025-08-26T02:42:44","slug":"dia-mundial-del-folclore","status":"publish","type":"post","link":"https:\/\/cbtis117.edu.mx\/?p=3570","title":{"rendered":"D\u00eda mundial del folclore!"},"content":{"rendered":"\t\t<div data-elementor-type=\"wp-post\" data-elementor-id=\"3570\" class=\"elementor elementor-3570\" data-elementor-post-type=\"post\">\n\t\t\t\t\t\t<section class=\"elementor-section elementor-top-section elementor-element elementor-element-b84269f elementor-section-boxed elementor-section-height-default elementor-section-height-default\" data-id=\"b84269f\" data-element_type=\"section\" data-e-type=\"section\">\n\t\t\t\t\t\t<div class=\"elementor-container elementor-column-gap-default\">\n\t\t\t\t\t<div class=\"elementor-column elementor-col-50 elementor-top-column elementor-element elementor-element-4add91e\" data-id=\"4add91e\" data-element_type=\"column\" data-e-type=\"column\">\n\t\t\t<div class=\"elementor-widget-wrap elementor-element-populated\">\n\t\t\t\t\t\t<div class=\"elementor-element elementor-element-bba82b2 elementor-widget elementor-widget-image\" data-id=\"bba82b2\" data-element_type=\"widget\" data-e-type=\"widget\" data-widget_type=\"image.default\">\n\t\t\t\t<div class=\"elementor-widget-container\">\n\t\t\t\t\t\t\t\t\t\t\t\t\t\t\t<img fetchpriority=\"high\" decoding=\"async\" width=\"600\" height=\"400\" src=\"https:\/\/cbtis117.edu.mx\/wp-content\/uploads\/2025\/08\/kanira2-1024x682.jpg\" class=\"attachment-large size-large wp-image-3566\" alt=\"\" srcset=\"https:\/\/cbtis117.edu.mx\/wp-content\/uploads\/2025\/08\/kanira2-1024x682.jpg 1024w, https:\/\/cbtis117.edu.mx\/wp-content\/uploads\/2025\/08\/kanira2-300x200.jpg 300w, https:\/\/cbtis117.edu.mx\/wp-content\/uploads\/2025\/08\/kanira2-768x512.jpg 768w, https:\/\/cbtis117.edu.mx\/wp-content\/uploads\/2025\/08\/kanira2-75x50.jpg 75w, https:\/\/cbtis117.edu.mx\/wp-content\/uploads\/2025\/08\/kanira2.jpg 1280w\" sizes=\"(max-width: 600px) 100vw, 600px\" \/>\t\t\t\t\t\t\t\t\t\t\t\t\t\t\t<\/div>\n\t\t\t\t<\/div>\n\t\t\t\t\t<\/div>\n\t\t<\/div>\n\t\t\t\t<div class=\"elementor-column elementor-col-50 elementor-top-column elementor-element elementor-element-2b562ae\" data-id=\"2b562ae\" data-element_type=\"column\" data-e-type=\"column\">\n\t\t\t<div class=\"elementor-widget-wrap elementor-element-populated\">\n\t\t\t\t\t\t<div class=\"elementor-element elementor-element-8db95c3 elementor-widget elementor-widget-text-editor\" data-id=\"8db95c3\" data-element_type=\"widget\" data-e-type=\"widget\" data-widget_type=\"text-editor.default\">\n\t\t\t\t<div class=\"elementor-widget-container\">\n\t\t\t\t\t\t\t\t\t<div class=\"xdj266r x14z9mp xat24cr x1lziwak x1vvkbs x126k92a\"><div dir=\"auto\">\u00a1Felicitamos a nuestro Ballet Folkl\u00f3rico Kanira por el D\u00eda Mundial del Folclore!<\/div><div dir=\"auto\">\u00a0<\/div><\/div><div class=\"x14z9mp xat24cr x1lziwak x1vvkbs xtlvy1s x126k92a\"><div dir=\"auto\">Hoy 22 de agosto, nos honra reconocer la inmensa disciplina y persistencia de nuestras y nuestros danzantes que conforman el <span class=\"html-span xdj266r x14z9mp xat24cr x1lziwak xexx8yu xyri2b x18d9i69 x1c1uobl x1hl2dhg x16tdsg8 x1vvkbs\"><a class=\"x1i10hfl xjbqb8w x1ejq31n x18oe1m7 x1sy0etr xstzfhl x972fbf x10w94by x1qhh985 x14e42zd x9f619 x1ypdohk xt0psk2 x3ct3a4 xdj266r x14z9mp xat24cr x1lziwak xexx8yu xyri2b x18d9i69 x1c1uobl x16tdsg8 x1hl2dhg xggy1nq x1a2a7pz xkrqix3 x1sur9pj x1fey0fg x1s688f\" tabindex=\"0\" role=\"link\" href=\"https:\/\/www.facebook.com\/profile.php?id=100069174256534&amp;__cft__[0]=AZUbBqGvheKay7Hf5RVgSaEmGu_VdLnwwdx8xRXuxx1qV6Ly5qwTPvPv-PQPZogqaip8GLd2bHQSrVkI4TD8tibrqSo-RtKgZePxzNiVgHArojcbPW1DVGBjNUppPXJCXLuf7ipMtniSFsSzLkSAnOtRkSZKzMTlHHBr-WzZ6taoytyJ2X7NAj0cd1H0HjeyYfc&amp;__tn__=-]K-R\"><span class=\"xt0psk2\"><span class=\"xjp7ctv\">Ballet Folkl\u00f3rico Kanira Oficial<\/span><\/span><\/a><\/span>; as\u00ed como de su instructor, el Lic. \u00c9dgar Amador Reyes Garc\u00eda.<\/div><div dir=\"auto\">\u00a0<\/div><\/div><div class=\"x14z9mp xat24cr x1lziwak x1vvkbs xtlvy1s x126k92a\"><div dir=\"auto\">Su esfuerzo es inspirador. Celebramos que sigan aportando al desarrollo cultural del estado y el pa\u00eds, representando a la Casa de los Tigres desde hace tantos a\u00f1os.<\/div><div dir=\"auto\">\u00a0<\/div><\/div><div class=\"x14z9mp xat24cr x1lziwak x1vvkbs xtlvy1s x126k92a\"><div dir=\"auto\">\u00a1Enhorabuena!<\/div><\/div>\t\t\t\t\t\t\t\t<\/div>\n\t\t\t\t<\/div>\n\t\t\t\t\t<\/div>\n\t\t<\/div>\n\t\t\t\t\t<\/div>\n\t\t<\/section>\n\t\t\t\t<section class=\"elementor-section elementor-top-section elementor-element elementor-element-1b48597 elementor-section-boxed elementor-section-height-default elementor-section-height-default\" data-id=\"1b48597\" data-element_type=\"section\" data-e-type=\"section\">\n\t\t\t\t\t\t<div class=\"elementor-container elementor-column-gap-default\">\n\t\t\t\t\t<div class=\"elementor-column elementor-col-33 elementor-top-column elementor-element elementor-element-4f9fa7f\" data-id=\"4f9fa7f\" data-element_type=\"column\" data-e-type=\"column\">\n\t\t\t<div class=\"elementor-widget-wrap elementor-element-populated\">\n\t\t\t\t\t\t<div class=\"elementor-element elementor-element-4c21188 elementor-widget elementor-widget-image\" data-id=\"4c21188\" data-element_type=\"widget\" data-e-type=\"widget\" data-widget_type=\"image.default\">\n\t\t\t\t<div class=\"elementor-widget-container\">\n\t\t\t\t\t\t\t\t\t\t\t\t\t\t\t<img decoding=\"async\" width=\"600\" height=\"338\" src=\"https:\/\/cbtis117.edu.mx\/wp-content\/uploads\/2025\/08\/kanira4-1024x576.jpg\" class=\"attachment-large size-large wp-image-3568\" alt=\"\" srcset=\"https:\/\/cbtis117.edu.mx\/wp-content\/uploads\/2025\/08\/kanira4-1024x576.jpg 1024w, https:\/\/cbtis117.edu.mx\/wp-content\/uploads\/2025\/08\/kanira4-300x169.jpg 300w, https:\/\/cbtis117.edu.mx\/wp-content\/uploads\/2025\/08\/kanira4-768x432.jpg 768w, https:\/\/cbtis117.edu.mx\/wp-content\/uploads\/2025\/08\/kanira4-1536x864.jpg 1536w, https:\/\/cbtis117.edu.mx\/wp-content\/uploads\/2025\/08\/kanira4.jpg 2048w\" sizes=\"(max-width: 600px) 100vw, 600px\" \/>\t\t\t\t\t\t\t\t\t\t\t\t\t\t\t<\/div>\n\t\t\t\t<\/div>\n\t\t\t\t\t<\/div>\n\t\t<\/div>\n\t\t\t\t<div class=\"elementor-column elementor-col-33 elementor-top-column elementor-element elementor-element-d75c3ec\" data-id=\"d75c3ec\" data-element_type=\"column\" data-e-type=\"column\">\n\t\t\t<div class=\"elementor-widget-wrap elementor-element-populated\">\n\t\t\t\t\t\t<div class=\"elementor-element elementor-element-ef0894d elementor-widget elementor-widget-image\" data-id=\"ef0894d\" data-element_type=\"widget\" data-e-type=\"widget\" data-widget_type=\"image.default\">\n\t\t\t\t<div class=\"elementor-widget-container\">\n\t\t\t\t\t\t\t\t\t\t\t\t\t\t\t<img decoding=\"async\" width=\"600\" height=\"600\" src=\"https:\/\/cbtis117.edu.mx\/wp-content\/uploads\/2025\/08\/kanira3.jpg\" class=\"attachment-large size-large wp-image-3567\" alt=\"\" srcset=\"https:\/\/cbtis117.edu.mx\/wp-content\/uploads\/2025\/08\/kanira3.jpg 960w, https:\/\/cbtis117.edu.mx\/wp-content\/uploads\/2025\/08\/kanira3-300x300.jpg 300w, https:\/\/cbtis117.edu.mx\/wp-content\/uploads\/2025\/08\/kanira3-150x150.jpg 150w, https:\/\/cbtis117.edu.mx\/wp-content\/uploads\/2025\/08\/kanira3-768x768.jpg 768w\" sizes=\"(max-width: 600px) 100vw, 600px\" \/>\t\t\t\t\t\t\t\t\t\t\t\t\t\t\t<\/div>\n\t\t\t\t<\/div>\n\t\t\t\t\t<\/div>\n\t\t<\/div>\n\t\t\t\t<div class=\"elementor-column elementor-col-33 elementor-top-column elementor-element elementor-element-e264f13\" data-id=\"e264f13\" data-element_type=\"column\" data-e-type=\"column\">\n\t\t\t<div class=\"elementor-widget-wrap elementor-element-populated\">\n\t\t\t\t\t\t<div class=\"elementor-element elementor-element-6b1a56d elementor-widget elementor-widget-image\" data-id=\"6b1a56d\" data-element_type=\"widget\" data-e-type=\"widget\" data-widget_type=\"image.default\">\n\t\t\t\t<div class=\"elementor-widget-container\">\n\t\t\t\t\t\t\t\t\t\t\t\t\t\t\t<img loading=\"lazy\" decoding=\"async\" width=\"600\" height=\"450\" src=\"https:\/\/cbtis117.edu.mx\/wp-content\/uploads\/2025\/08\/kanira1-1024x768.jpg\" class=\"attachment-large size-large wp-image-3565\" alt=\"\" srcset=\"https:\/\/cbtis117.edu.mx\/wp-content\/uploads\/2025\/08\/kanira1-1024x768.jpg 1024w, https:\/\/cbtis117.edu.mx\/wp-content\/uploads\/2025\/08\/kanira1-300x225.jpg 300w, https:\/\/cbtis117.edu.mx\/wp-content\/uploads\/2025\/08\/kanira1-768x576.jpg 768w, https:\/\/cbtis117.edu.mx\/wp-content\/uploads\/2025\/08\/kanira1-1536x1152.jpg 1536w, https:\/\/cbtis117.edu.mx\/wp-content\/uploads\/2025\/08\/kanira1.jpg 1600w\" sizes=\"(max-width: 600px) 100vw, 600px\" \/>\t\t\t\t\t\t\t\t\t\t\t\t\t\t\t<\/div>\n\t\t\t\t<\/div>\n\t\t\t\t\t<\/div>\n\t\t<\/div>\n\t\t\t\t\t<\/div>\n\t\t<\/section>\n\t\t\t\t<\/div>\n\t\t","protected":false},"excerpt":{"rendered":"<p>\u00a1Felicitamos a nuestro Ballet Folkl\u00f3rico Kanira por el D\u00eda Mundial del Folclore!\u00a0Hoy 22 de agosto, nos honra reconocer la inmensa disciplina y persistencia de nuestras y nuestros danzantes que conforman el Ballet Folkl\u00f3rico Kanira Oficial; as\u00ed como de su instructor, el Lic. \u00c9dgar Amador Reyes Garc\u00eda.\u00a0Su esfuerzo es inspirador. Celebramos que sigan aportando al desarrollo [&hellip;]<\/p>\n","protected":false},"author":1,"featured_media":3569,"comment_status":"closed","ping_status":"open","sticky":false,"template":"","format":"standard","meta":{"_monsterinsights_skip_tracking":false,"_monsterinsights_sitenote_active":false,"_monsterinsights_sitenote_note":"","_monsterinsights_sitenote_category":0,"footnotes":""},"categories":[4],"tags":[],"class_list":["post-3570","post","type-post","status-publish","format-standard","has-post-thumbnail","hentry","category-eventos"],"aioseo_notices":[],"_links":{"self":[{"href":"https:\/\/cbtis117.edu.mx\/index.php?rest_route=\/wp\/v2\/posts\/3570","targetHints":{"allow":["GET"]}}],"collection":[{"href":"https:\/\/cbtis117.edu.mx\/index.php?rest_route=\/wp\/v2\/posts"}],"about":[{"href":"https:\/\/cbtis117.edu.mx\/index.php?rest_route=\/wp\/v2\/types\/post"}],"author":[{"embeddable":true,"href":"https:\/\/cbtis117.edu.mx\/index.php?rest_route=\/wp\/v2\/users\/1"}],"replies":[{"embeddable":true,"href":"https:\/\/cbtis117.edu.mx\/index.php?rest_route=%2Fwp%2Fv2%2Fcomments&post=3570"}],"version-history":[{"count":4,"href":"https:\/\/cbtis117.edu.mx\/index.php?rest_route=\/wp\/v2\/posts\/3570\/revisions"}],"predecessor-version":[{"id":3574,"href":"https:\/\/cbtis117.edu.mx\/index.php?rest_route=\/wp\/v2\/posts\/3570\/revisions\/3574"}],"wp:featuredmedia":[{"embeddable":true,"href":"https:\/\/cbtis117.edu.mx\/index.php?rest_route=\/wp\/v2\/media\/3569"}],"wp:attachment":[{"href":"https:\/\/cbtis117.edu.mx\/index.php?rest_route=%2Fwp%2Fv2%2Fmedia&parent=3570"}],"wp:term":[{"taxonomy":"category","embeddable":true,"href":"https:\/\/cbtis117.edu.mx\/index.php?rest_route=%2Fwp%2Fv2%2Fcategories&post=3570"},{"taxonomy":"post_tag","embeddable":true,"href":"https:\/\/cbtis117.edu.mx\/index.php?rest_route=%2Fwp%2Fv2%2Ftags&post=3570"}],"curies":[{"name":"wp","href":"https:\/\/api.w.org\/{rel}","templated":true}]}}