{"id":1675,"date":"2020-03-14T01:32:56","date_gmt":"2020-03-14T01:32:56","guid":{"rendered":"https:\/\/cbtis117.edu.mx\/?p=1675"},"modified":"2020-03-15T01:15:17","modified_gmt":"2020-03-15T01:15:17","slug":"violencia-en-contra-de-la-mujer","status":"publish","type":"post","link":"https:\/\/cbtis117.edu.mx\/?p=1675","title":{"rendered":"Paro nacional 9 de Marzo"},"content":{"rendered":"\t\t<div data-elementor-type=\"wp-post\" data-elementor-id=\"1675\" class=\"elementor elementor-1675\" data-elementor-post-type=\"post\">\n\t\t\t\t\t\t<section class=\"elementor-section elementor-top-section elementor-element elementor-element-c4d3feb elementor-section-boxed elementor-section-height-default elementor-section-height-default\" data-id=\"c4d3feb\" data-element_type=\"section\" data-e-type=\"section\">\n\t\t\t\t\t\t<div class=\"elementor-container elementor-column-gap-default\">\n\t\t\t\t\t<div class=\"elementor-column elementor-col-100 elementor-top-column elementor-element elementor-element-bbf92eb\" data-id=\"bbf92eb\" data-element_type=\"column\" data-e-type=\"column\">\n\t\t\t<div class=\"elementor-widget-wrap elementor-element-populated\">\n\t\t\t\t\t\t<div class=\"elementor-element elementor-element-c3ac757 elementor-widget elementor-widget-text-editor\" data-id=\"c3ac757\" data-element_type=\"widget\" data-e-type=\"widget\" data-widget_type=\"text-editor.default\">\n\t\t\t\t<div class=\"elementor-widget-container\">\n\t\t\t\t\t\t\t\t\t<div><div dir=\"auto\">El 9 de Marzo en el CBTis 117 vivimos un ambiente de reflexi\u00f3n y de expresi\u00f3n.<\/div><\/div><div><div dir=\"auto\">\u00a0<\/div><div dir=\"auto\">Llegu\u00e9 a mi primer grupo, hice un pase de lista simb\u00f3lico para notar la ausencia del 70% del grupo, y tuvimos una din\u00e1mica en torno a teor\u00eda sobre la historia del feminismo. Y la sensaci\u00f3n fue grupal; no soportar\u00edamos que un d\u00eda nos falte alguna de nuestras alumnas, compa\u00f1eras, simplemente no estamos dispuestos a evadir el problema que sin duda nos ata\u00f1e.<\/div><\/div><div><div dir=\"auto\">\u00a0<\/div><div dir=\"auto\">Luego la sorpresa cuando pasa el ingeniero Hiram Esparza, nuestro director, a solicitar presencia en el gimnasio del plantel para compartir datos, informaci\u00f3n y argumentos entre los y las asistentes a este grato momento.<\/div><\/div><div><div dir=\"auto\">\u00a0<\/div><div dir=\"auto\">Con m\u00e1s de 400 alumnos, y cerca de seis alumnas que decidieron por cuenta propia asistir a labores; se llev\u00f3 a cabo una charla fascinante, donde se expusieron valiosos puntos de vista.<\/div><\/div><div><div dir=\"auto\">\u00a0<\/div><div dir=\"auto\">Me queda decir, gracias al equipo directivo, administrativo, auxiliar y a cada docente, por permitir este espacio de expresi\u00f3n; donde adem\u00e1s nos esperanzamos de coraz\u00f3n al escuchar a nuestros alumnos tan abiertos al aprendizaje, y todas y todos tan humanos y en voluntad de lograr en conjunto una sociedad m\u00e1s segura, digna, plural.<\/div><\/div><div><div dir=\"auto\">\u00a0<\/div><div dir=\"auto\">El mensaje es y siempre ser\u00e1 claro; compa\u00f1eras, no est\u00e1n solas.<\/div><\/div><div><div dir=\"auto\">Hoy no fue un d\u00eda libre; fue un d\u00eda para reconocer lo imprescindible de que las cosas comiencen a cambiar.<\/div><div dir=\"auto\">\u00a0<\/div><div dir=\"auto\"><strong>Narraci\u00f3n del Profr. Gerardo C\u00e1rdenas\u00a0<\/strong><\/div><\/div>\t\t\t\t\t\t\t\t<\/div>\n\t\t\t\t<\/div>\n\t\t\t\t\t<\/div>\n\t\t<\/div>\n\t\t\t\t\t<\/div>\n\t\t<\/section>\n\t\t\t\t<section class=\"elementor-section elementor-top-section elementor-element elementor-element-91423fd elementor-section-boxed elementor-section-height-default elementor-section-height-default\" data-id=\"91423fd\" data-element_type=\"section\" data-e-type=\"section\">\n\t\t\t\t\t\t<div class=\"elementor-container elementor-column-gap-default\">\n\t\t\t\t\t<div class=\"elementor-column elementor-col-100 elementor-top-column elementor-element elementor-element-3941d8d\" data-id=\"3941d8d\" data-element_type=\"column\" data-e-type=\"column\">\n\t\t\t<div class=\"elementor-widget-wrap elementor-element-populated\">\n\t\t\t\t\t\t<div class=\"elementor-element elementor-element-6d04698 elementor-widget elementor-widget-video\" data-id=\"6d04698\" data-element_type=\"widget\" data-e-type=\"widget\" data-settings=\"{&quot;video_type&quot;:&quot;hosted&quot;,&quot;start&quot;:0,&quot;autoplay&quot;:&quot;yes&quot;,&quot;controls&quot;:&quot;yes&quot;}\" data-widget_type=\"video.default\">\n\t\t\t\t<div class=\"elementor-widget-container\">\n\t\t\t\t\t\t\t<div class=\"e-hosted-video elementor-wrapper elementor-open-inline\">\n\t\t\t\t\t<video class=\"elementor-video\" src=\"https:\/\/cbtis117.edu.mx\/wp-content\/uploads\/2020\/03\/niuna-mas.mp4\" autoplay=\"\" controls=\"\" controlsList=\"nodownload\"><\/video>\n\t\t\t\t<\/div>\n\t\t\t\t\t\t<\/div>\n\t\t\t\t<\/div>\n\t\t\t\t\t<\/div>\n\t\t<\/div>\n\t\t\t\t\t<\/div>\n\t\t<\/section>\n\t\t\t\t<\/div>\n\t\t","protected":false},"excerpt":{"rendered":"<p>El 9 de Marzo en el CBTis 117 vivimos un ambiente de reflexi\u00f3n y de expresi\u00f3n.\u00a0Llegu\u00e9 a mi primer grupo, hice un pase de lista simb\u00f3lico para notar la ausencia del 70% del grupo, y tuvimos una din\u00e1mica en torno a teor\u00eda sobre la historia del feminismo. Y la sensaci\u00f3n fue grupal; no soportar\u00edamos que [&hellip;]<\/p>\n","protected":false},"author":1,"featured_media":1676,"comment_status":"closed","ping_status":"open","sticky":false,"template":"","format":"standard","meta":{"_monsterinsights_skip_tracking":false,"_monsterinsights_sitenote_active":false,"_monsterinsights_sitenote_note":"","_monsterinsights_sitenote_category":0,"footnotes":""},"categories":[4],"tags":[],"class_list":["post-1675","post","type-post","status-publish","format-standard","has-post-thumbnail","hentry","category-eventos"],"aioseo_notices":[],"_links":{"self":[{"href":"https:\/\/cbtis117.edu.mx\/index.php?rest_route=\/wp\/v2\/posts\/1675","targetHints":{"allow":["GET"]}}],"collection":[{"href":"https:\/\/cbtis117.edu.mx\/index.php?rest_route=\/wp\/v2\/posts"}],"about":[{"href":"https:\/\/cbtis117.edu.mx\/index.php?rest_route=\/wp\/v2\/types\/post"}],"author":[{"embeddable":true,"href":"https:\/\/cbtis117.edu.mx\/index.php?rest_route=\/wp\/v2\/users\/1"}],"replies":[{"embeddable":true,"href":"https:\/\/cbtis117.edu.mx\/index.php?rest_route=%2Fwp%2Fv2%2Fcomments&post=1675"}],"version-history":[{"count":6,"href":"https:\/\/cbtis117.edu.mx\/index.php?rest_route=\/wp\/v2\/posts\/1675\/revisions"}],"predecessor-version":[{"id":1684,"href":"https:\/\/cbtis117.edu.mx\/index.php?rest_route=\/wp\/v2\/posts\/1675\/revisions\/1684"}],"wp:featuredmedia":[{"embeddable":true,"href":"https:\/\/cbtis117.edu.mx\/index.php?rest_route=\/wp\/v2\/media\/1676"}],"wp:attachment":[{"href":"https:\/\/cbtis117.edu.mx\/index.php?rest_route=%2Fwp%2Fv2%2Fmedia&parent=1675"}],"wp:term":[{"taxonomy":"category","embeddable":true,"href":"https:\/\/cbtis117.edu.mx\/index.php?rest_route=%2Fwp%2Fv2%2Fcategories&post=1675"},{"taxonomy":"post_tag","embeddable":true,"href":"https:\/\/cbtis117.edu.mx\/index.php?rest_route=%2Fwp%2Fv2%2Ftags&post=1675"}],"curies":[{"name":"wp","href":"https:\/\/api.w.org\/{rel}","templated":true}]}}