{"id":1532,"date":"2019-10-03T14:34:48","date_gmt":"2019-10-03T14:34:48","guid":{"rendered":"https:\/\/cbtis117.edu.mx\/?p=1532"},"modified":"2019-12-02T21:19:34","modified_gmt":"2019-12-02T21:19:34","slug":"concurso-estatal-y-nacional-tecnm","status":"publish","type":"post","link":"https:\/\/cbtis117.edu.mx\/?p=1532","title":{"rendered":"Concurso Estatal y Nacional TECNM"},"content":{"rendered":"\t\t<div data-elementor-type=\"wp-post\" data-elementor-id=\"1532\" class=\"elementor elementor-1532\" data-elementor-post-type=\"post\">\n\t\t\t\t\t\t<section class=\"elementor-section elementor-top-section elementor-element elementor-element-2cec616 elementor-section-boxed elementor-section-height-default elementor-section-height-default\" data-id=\"2cec616\" data-element_type=\"section\" data-e-type=\"section\">\n\t\t\t\t\t\t<div class=\"elementor-container elementor-column-gap-default\">\n\t\t\t\t\t<div class=\"elementor-column elementor-col-100 elementor-top-column elementor-element elementor-element-87e6b3f\" data-id=\"87e6b3f\" data-element_type=\"column\" data-e-type=\"column\">\n\t\t\t<div class=\"elementor-widget-wrap elementor-element-populated\">\n\t\t\t\t\t\t<div class=\"elementor-element elementor-element-e3d1ac8 elementor-widget elementor-widget-text-editor\" data-id=\"e3d1ac8\" data-element_type=\"widget\" data-e-type=\"widget\" data-widget_type=\"text-editor.default\">\n\t\t\t\t<div class=\"elementor-widget-container\">\n\t\t\t\t\t\t\t\t\t<p>J\u00f3venes egresados de nuestra instituci\u00f3n de la generaci\u00f3n 2019 y 2018 representaran al Tecnol\u00f3gico de esta ciudad en pr\u00f3ximos eventos acad\u00e9micos en el \u00e1rea de sistemas.<\/p>\t\t\t\t\t\t\t\t<\/div>\n\t\t\t\t<\/div>\n\t\t\t\t\t<\/div>\n\t\t<\/div>\n\t\t\t\t\t<\/div>\n\t\t<\/section>\n\t\t\t\t<section class=\"elementor-section elementor-top-section elementor-element elementor-element-b8ec46a elementor-section-boxed elementor-section-height-default elementor-section-height-default\" data-id=\"b8ec46a\" data-element_type=\"section\" data-e-type=\"section\">\n\t\t\t\t\t\t<div class=\"elementor-container elementor-column-gap-default\">\n\t\t\t\t\t<div class=\"elementor-column elementor-col-50 elementor-top-column elementor-element elementor-element-21df471\" data-id=\"21df471\" data-element_type=\"column\" data-e-type=\"column\">\n\t\t\t<div class=\"elementor-widget-wrap elementor-element-populated\">\n\t\t\t\t\t\t<div class=\"elementor-element elementor-element-e694f45 elementor-widget elementor-widget-text-editor\" data-id=\"e694f45\" data-element_type=\"widget\" data-e-type=\"widget\" data-widget_type=\"text-editor.default\">\n\t\t\t\t<div class=\"elementor-widget-container\">\n\t\t\t\t\t\t\t\t\t<p>Este mes de Octubre los alumnos:<\/p><ul><li>Eli Mendoza Escudero<\/li><li>Jorge Eduardo Arana Vargas<\/li><li>Raymundo Paz Valverde<\/li><\/ul><p>estar\u00e1n participando en el Evento Nacional que se llevar\u00e1 a cabo en el Instituto Tecnologico de Guanajuato.<\/p>\t\t\t\t\t\t\t\t<\/div>\n\t\t\t\t<\/div>\n\t\t\t\t\t<\/div>\n\t\t<\/div>\n\t\t\t\t<div class=\"elementor-column elementor-col-50 elementor-top-column elementor-element elementor-element-ca58718\" data-id=\"ca58718\" data-element_type=\"column\" data-e-type=\"column\">\n\t\t\t<div class=\"elementor-widget-wrap elementor-element-populated\">\n\t\t\t\t\t\t<div class=\"elementor-element elementor-element-de26fd1 elementor-widget elementor-widget-image\" data-id=\"de26fd1\" data-element_type=\"widget\" data-e-type=\"widget\" data-widget_type=\"image.default\">\n\t\t\t\t<div class=\"elementor-widget-container\">\n\t\t\t\t\t\t\t\t\t\t\t\t\t\t\t<img fetchpriority=\"high\" decoding=\"async\" width=\"471\" height=\"719\" src=\"https:\/\/cbtis117.edu.mx\/wp-content\/uploads\/2019\/10\/primero.jpeg\" class=\"attachment-large size-large wp-image-1534\" alt=\"\" srcset=\"https:\/\/cbtis117.edu.mx\/wp-content\/uploads\/2019\/10\/primero.jpeg 471w, https:\/\/cbtis117.edu.mx\/wp-content\/uploads\/2019\/10\/primero-197x300.jpeg 197w\" sizes=\"(max-width: 471px) 100vw, 471px\" \/>\t\t\t\t\t\t\t\t\t\t\t\t\t\t\t<\/div>\n\t\t\t\t<\/div>\n\t\t\t\t\t<\/div>\n\t\t<\/div>\n\t\t\t\t\t<\/div>\n\t\t<\/section>\n\t\t\t\t<section class=\"elementor-section elementor-top-section elementor-element elementor-element-2e03b08 elementor-section-boxed elementor-section-height-default elementor-section-height-default\" data-id=\"2e03b08\" data-element_type=\"section\" data-e-type=\"section\">\n\t\t\t\t\t\t<div class=\"elementor-container elementor-column-gap-default\">\n\t\t\t\t\t<div class=\"elementor-column elementor-col-50 elementor-top-column elementor-element elementor-element-e028852\" data-id=\"e028852\" data-element_type=\"column\" data-e-type=\"column\">\n\t\t\t<div class=\"elementor-widget-wrap elementor-element-populated\">\n\t\t\t\t\t\t<div class=\"elementor-element elementor-element-b150536 elementor-widget elementor-widget-text-editor\" data-id=\"b150536\" data-element_type=\"widget\" data-e-type=\"widget\" data-widget_type=\"text-editor.default\">\n\t\t\t\t<div class=\"elementor-widget-container\">\n\t\t\t\t\t\t\t\t\t<p>Este mes de Octubre los alumnos:<\/p><ul><li>Oscar Adri\u00e1n Chapa Ord\u00f3\u00f1ez<\/li><li>Gerardo Gallegos Jr.<\/li><li>Nahomi Michelle Delgado Ch\u00e1vez<\/li><\/ul><p>estar\u00e1n participando en el Evento Estatal que se llevar\u00e1 a cabo en el Instituto Tecnologico de Chihuahua.<\/p>\t\t\t\t\t\t\t\t<\/div>\n\t\t\t\t<\/div>\n\t\t\t\t\t<\/div>\n\t\t<\/div>\n\t\t\t\t<div class=\"elementor-column elementor-col-50 elementor-top-column elementor-element elementor-element-8ec887a\" data-id=\"8ec887a\" data-element_type=\"column\" data-e-type=\"column\">\n\t\t\t<div class=\"elementor-widget-wrap elementor-element-populated\">\n\t\t\t\t\t\t<div class=\"elementor-element elementor-element-c0dc035 elementor-widget elementor-widget-image\" data-id=\"c0dc035\" data-element_type=\"widget\" data-e-type=\"widget\" data-widget_type=\"image.default\">\n\t\t\t\t<div class=\"elementor-widget-container\">\n\t\t\t\t\t\t\t\t\t\t\t\t\t\t\t<img decoding=\"async\" width=\"600\" height=\"400\" src=\"https:\/\/cbtis117.edu.mx\/wp-content\/uploads\/2019\/10\/segundo-1024x683.jpeg\" class=\"attachment-large size-large wp-image-1535\" alt=\"\" srcset=\"https:\/\/cbtis117.edu.mx\/wp-content\/uploads\/2019\/10\/segundo-1024x683.jpeg 1024w, https:\/\/cbtis117.edu.mx\/wp-content\/uploads\/2019\/10\/segundo-300x200.jpeg 300w, https:\/\/cbtis117.edu.mx\/wp-content\/uploads\/2019\/10\/segundo-768x512.jpeg 768w, https:\/\/cbtis117.edu.mx\/wp-content\/uploads\/2019\/10\/segundo-75x50.jpeg 75w, https:\/\/cbtis117.edu.mx\/wp-content\/uploads\/2019\/10\/segundo.jpeg 1080w\" sizes=\"(max-width: 600px) 100vw, 600px\" \/>\t\t\t\t\t\t\t\t\t\t\t\t\t\t\t<\/div>\n\t\t\t\t<\/div>\n\t\t\t\t\t<\/div>\n\t\t<\/div>\n\t\t\t\t\t<\/div>\n\t\t<\/section>\n\t\t\t\t<\/div>\n\t\t","protected":false},"excerpt":{"rendered":"<p>J\u00f3venes egresados de nuestra instituci\u00f3n de la generaci\u00f3n 2019 y 2018 representaran al Tecnol\u00f3gico de esta ciudad en pr\u00f3ximos eventos acad\u00e9micos en el \u00e1rea de sistemas. Este mes de Octubre los alumnos: Eli Mendoza Escudero Jorge Eduardo Arana Vargas Raymundo Paz Valverde estar\u00e1n participando en el Evento Nacional que se llevar\u00e1 a cabo en el [&hellip;]<\/p>\n","protected":false},"author":1,"featured_media":1625,"comment_status":"closed","ping_status":"open","sticky":false,"template":"","format":"standard","meta":{"_monsterinsights_skip_tracking":false,"_monsterinsights_sitenote_active":false,"_monsterinsights_sitenote_note":"","_monsterinsights_sitenote_category":0,"footnotes":""},"categories":[4],"tags":[],"class_list":["post-1532","post","type-post","status-publish","format-standard","has-post-thumbnail","hentry","category-eventos"],"aioseo_notices":[],"_links":{"self":[{"href":"https:\/\/cbtis117.edu.mx\/index.php?rest_route=\/wp\/v2\/posts\/1532","targetHints":{"allow":["GET"]}}],"collection":[{"href":"https:\/\/cbtis117.edu.mx\/index.php?rest_route=\/wp\/v2\/posts"}],"about":[{"href":"https:\/\/cbtis117.edu.mx\/index.php?rest_route=\/wp\/v2\/types\/post"}],"author":[{"embeddable":true,"href":"https:\/\/cbtis117.edu.mx\/index.php?rest_route=\/wp\/v2\/users\/1"}],"replies":[{"embeddable":true,"href":"https:\/\/cbtis117.edu.mx\/index.php?rest_route=%2Fwp%2Fv2%2Fcomments&post=1532"}],"version-history":[{"count":4,"href":"https:\/\/cbtis117.edu.mx\/index.php?rest_route=\/wp\/v2\/posts\/1532\/revisions"}],"predecessor-version":[{"id":1538,"href":"https:\/\/cbtis117.edu.mx\/index.php?rest_route=\/wp\/v2\/posts\/1532\/revisions\/1538"}],"wp:featuredmedia":[{"embeddable":true,"href":"https:\/\/cbtis117.edu.mx\/index.php?rest_route=\/wp\/v2\/media\/1625"}],"wp:attachment":[{"href":"https:\/\/cbtis117.edu.mx\/index.php?rest_route=%2Fwp%2Fv2%2Fmedia&parent=1532"}],"wp:term":[{"taxonomy":"category","embeddable":true,"href":"https:\/\/cbtis117.edu.mx\/index.php?rest_route=%2Fwp%2Fv2%2Fcategories&post=1532"},{"taxonomy":"post_tag","embeddable":true,"href":"https:\/\/cbtis117.edu.mx\/index.php?rest_route=%2Fwp%2Fv2%2Ftags&post=1532"}],"curies":[{"name":"wp","href":"https:\/\/api.w.org\/{rel}","templated":true}]}}